{"id":697,"date":"2026-01-14T13:49:35","date_gmt":"2026-01-14T13:49:35","guid":{"rendered":"https:\/\/sypialnia-marzen.pl\/blog\/?p=697"},"modified":"2026-01-14T15:23:16","modified_gmt":"2026-01-14T15:23:16","slug":"realizacja-lozko-xavier-11-04-2024","status":"publish","type":"post","link":"https:\/\/sypialnia-marzen.pl\/blog\/realizacja-lozko-xavier-11-04-2024\/","title":{"rendered":"Realizacja: \u0141\u00f3\u017cko XAVIER\u2013 11.04.2024"},"content":{"rendered":"\n<figure class=\"wp-block-gallery has-nested-images columns-2 is-cropped wp-block-gallery-1 is-layout-flex wp-block-gallery-is-layout-flex\">\n<figure data-wp-context=\"{&quot;imageId&quot;:&quot;69f41f7e15898&quot;}\" data-wp-interactive=\"core\/image\" data-wp-key=\"69f41f7e15898\" class=\"wp-block-image size-full wp-lightbox-container\"><img loading=\"lazy\" decoding=\"async\" width=\"2560\" height=\"1920\" data-wp-class--hide=\"state.isContentHidden\" data-wp-class--show=\"state.isContentVisible\" data-wp-init=\"callbacks.setButtonStyles\" data-wp-on--click=\"actions.showLightbox\" data-wp-on--load=\"callbacks.setButtonStyles\" data-wp-on-window--resize=\"callbacks.setButtonStyles\" data-id=\"699\" src=\"https:\/\/sypialnia-marzen.pl\/blog\/wp-content\/uploads\/2026\/01\/20240411_154803-scaled.jpg\" alt=\"\" class=\"wp-image-699\" srcset=\"https:\/\/sypialnia-marzen.pl\/blog\/wp-content\/uploads\/2026\/01\/20240411_154803-scaled.jpg 2560w, https:\/\/sypialnia-marzen.pl\/blog\/wp-content\/uploads\/2026\/01\/20240411_154803-300x225.jpg 300w, https:\/\/sypialnia-marzen.pl\/blog\/wp-content\/uploads\/2026\/01\/20240411_154803-1024x768.jpg 1024w, https:\/\/sypialnia-marzen.pl\/blog\/wp-content\/uploads\/2026\/01\/20240411_154803-768x576.jpg 768w, https:\/\/sypialnia-marzen.pl\/blog\/wp-content\/uploads\/2026\/01\/20240411_154803-1536x1152.jpg 1536w, https:\/\/sypialnia-marzen.pl\/blog\/wp-content\/uploads\/2026\/01\/20240411_154803-2048x1536.jpg 2048w\" sizes=\"auto, (max-width: 2560px) 100vw, 2560px\" \/><button\n\t\t\tclass=\"lightbox-trigger\"\n\t\t\ttype=\"button\"\n\t\t\taria-haspopup=\"dialog\"\n\t\t\taria-label=\"Powi\u0119ksz\"\n\t\t\tdata-wp-init=\"callbacks.initTriggerButton\"\n\t\t\tdata-wp-on--click=\"actions.showLightbox\"\n\t\t\tdata-wp-style--right=\"state.imageButtonRight\"\n\t\t\tdata-wp-style--top=\"state.imageButtonTop\"\n\t\t>\n\t\t\t<svg xmlns=\"http:\/\/www.w3.org\/2000\/svg\" width=\"12\" height=\"12\" fill=\"none\" viewBox=\"0 0 12 12\">\n\t\t\t\t<path fill=\"#fff\" d=\"M2 0a2 2 0 0 0-2 2v2h1.5V2a.5.5 0 0 1 .5-.5h2V0H2Zm2 10.5H2a.5.5 0 0 1-.5-.5V8H0v2a2 2 0 0 0 2 2h2v-1.5ZM8 12v-1.5h2a.5.5 0 0 0 .5-.5V8H12v2a2 2 0 0 1-2 2H8Zm2-12a2 2 0 0 1 2 2v2h-1.5V2a.5.5 0 0 0-.5-.5H8V0h2Z\" \/>\n\t\t\t<\/svg>\n\t\t<\/button><\/figure>\n\n\n\n<figure data-wp-context=\"{&quot;imageId&quot;:&quot;69f41f7e15ec7&quot;}\" data-wp-interactive=\"core\/image\" data-wp-key=\"69f41f7e15ec7\" class=\"wp-block-image size-full wp-lightbox-container\"><img loading=\"lazy\" decoding=\"async\" width=\"1920\" height=\"2560\" data-wp-class--hide=\"state.isContentHidden\" data-wp-class--show=\"state.isContentVisible\" data-wp-init=\"callbacks.setButtonStyles\" data-wp-on--click=\"actions.showLightbox\" data-wp-on--load=\"callbacks.setButtonStyles\" data-wp-on-window--resize=\"callbacks.setButtonStyles\" data-id=\"700\" src=\"https:\/\/sypialnia-marzen.pl\/blog\/wp-content\/uploads\/2026\/01\/20240411_154838-scaled.jpg\" alt=\"\" class=\"wp-image-700\" srcset=\"https:\/\/sypialnia-marzen.pl\/blog\/wp-content\/uploads\/2026\/01\/20240411_154838-scaled.jpg 1920w, https:\/\/sypialnia-marzen.pl\/blog\/wp-content\/uploads\/2026\/01\/20240411_154838-225x300.jpg 225w, https:\/\/sypialnia-marzen.pl\/blog\/wp-content\/uploads\/2026\/01\/20240411_154838-768x1024.jpg 768w, https:\/\/sypialnia-marzen.pl\/blog\/wp-content\/uploads\/2026\/01\/20240411_154838-1152x1536.jpg 1152w, https:\/\/sypialnia-marzen.pl\/blog\/wp-content\/uploads\/2026\/01\/20240411_154838-1536x2048.jpg 1536w\" sizes=\"auto, (max-width: 1920px) 100vw, 1920px\" \/><button\n\t\t\tclass=\"lightbox-trigger\"\n\t\t\ttype=\"button\"\n\t\t\taria-haspopup=\"dialog\"\n\t\t\taria-label=\"Powi\u0119ksz\"\n\t\t\tdata-wp-init=\"callbacks.initTriggerButton\"\n\t\t\tdata-wp-on--click=\"actions.showLightbox\"\n\t\t\tdata-wp-style--right=\"state.imageButtonRight\"\n\t\t\tdata-wp-style--top=\"state.imageButtonTop\"\n\t\t>\n\t\t\t<svg xmlns=\"http:\/\/www.w3.org\/2000\/svg\" width=\"12\" height=\"12\" fill=\"none\" viewBox=\"0 0 12 12\">\n\t\t\t\t<path fill=\"#fff\" d=\"M2 0a2 2 0 0 0-2 2v2h1.5V2a.5.5 0 0 1 .5-.5h2V0H2Zm2 10.5H2a.5.5 0 0 1-.5-.5V8H0v2a2 2 0 0 0 2 2h2v-1.5ZM8 12v-1.5h2a.5.5 0 0 0 .5-.5V8H12v2a2 2 0 0 1-2 2H8Zm2-12a2 2 0 0 1 2 2v2h-1.5V2a.5.5 0 0 0-.5-.5H8V0h2Z\" \/>\n\t\t\t<\/svg>\n\t\t<\/button><\/figure>\n<\/figure>\n\n\n\n<p>Kolejna realizacja za nami \u2013 tym razem mieli\u015bmy przyjemno\u015b\u0107 dostarczy\u0107 i zamontowa\u0107 <strong>\u0142\u00f3\u017cko tapicerowane XAVIER od Italcomfort<\/strong> w miejscowo\u015bci <strong>Stanis\u0142awowo<\/strong>, po\u0142o\u017conej w pobli\u017cu <strong>Nowego Dworu Mazowieckiego<\/strong>. To propozycja dla os\u00f3b ceni\u0105cych elegancj\u0119, subtelne detale i przestrze\u0144 do komfortowego snu.<\/p>\n\n\n\n<div class=\"wp-block-buttons is-content-justification-center is-layout-flex wp-container-core-buttons-is-layout-16018d1d wp-block-buttons-is-layout-flex\">\n<div class=\"wp-block-button is-style-outline is-style-outline--2\"><a class=\"wp-block-button__link has-white-color has-midnight-gradient-background has-text-color has-background has-link-color wp-element-button\" href=\"https:\/\/sypialnia-marzen.pl\/lozka\/515-56-lozko-tapicerowane-xavier-italcomfort.html\" style=\"border-top-left-radius:100px;border-top-right-radius:100px;border-bottom-left-radius:100px;border-bottom-right-radius:100px;font-style:normal;font-weight:700\">Zobacz w sklepie internetowym<\/a><\/div>\n<\/div>\n\n\n\n<p><\/p>\n\n\n\n<h3 class=\"wp-block-heading\">\u0141\u00f3\u017cko XAVIER Italcomfort \u2013 specyfikacja realizacji<\/h3>\n\n\n\n<p>Model XAVIER wyr\u00f3\u017cnia si\u0119 nowoczesnym wzornictwem oraz starannie dopracowanymi detalami. W tej realizacji klient zdecydowa\u0142 si\u0119 na du\u017cy, luksusowy rozmiar <strong>200\u00d7200 cm<\/strong>, kt\u00f3ry zapewnia maksymaln\u0105 wygod\u0119 u\u017cytkowania.<\/p>\n\n\n\n<p><strong>Szczeg\u00f3\u0142y zam\u00f3wionego \u0142\u00f3\u017cka:<\/strong><\/p>\n\n\n\n<ul class=\"wp-block-list\">\n<li>model: <strong>\u0141\u00f3\u017cko tapicerowane XAVIER \u2013 Italcomfort<\/strong><\/li>\n\n\n\n<li>rozmiar: <strong>200\u00d7200 cm<\/strong><\/li>\n\n\n\n<li><strong>bez pojemnika na po\u015bciel<\/strong><\/li>\n\n\n\n<li><strong>rama:<\/strong> 30 cm wysoko\u015bci, 5 cm grubo\u015bci<\/li>\n\n\n\n<li><strong>nogi:<\/strong> STANDARD, wysoko\u015b\u0107 5 cm, kolor <strong>chrom<\/strong><\/li>\n\n\n\n<li><strong>tkanina:<\/strong> Fargotex Milton New 11<\/li>\n\n\n\n<li><strong>wezg\u0142owie:<\/strong> 100 cm<\/li>\n<\/ul>\n\n\n\n<h3 class=\"wp-block-heading\">Subtelna elegancja i ponadczasowy design<\/h3>\n\n\n\n<p>\u0141\u00f3\u017cko XAVIER to model, kt\u00f3ry zachwyca <strong>delikatnymi przeszyciami w romby<\/strong>, nadaj\u0105cymi wezg\u0142owiu elegancki i lekko dekoracyjny charakter. To detal, kt\u00f3ry przyci\u0105ga wzrok, ale jednocze\u015bnie pozostaje bardzo uniwersalny \u2013 idealny zar\u00f3wno do nowoczesnych, jak i bardziej klasycznych sypialni.<\/p>\n\n\n\n<p>Zastosowana tkanina <strong>Fargotex Milton New 11<\/strong> charakteryzuje si\u0119 przyjemn\u0105 struktur\u0105 oraz wysok\u0105 trwa\u0142o\u015bci\u0105, co czyni j\u0105 doskona\u0142ym wyborem do codziennego u\u017cytkowania. Po\u0142\u0105czenie tej tapicerki z <strong>chromowanymi nogami o wysoko\u015bci 5 cm<\/strong> dodaje \u0142\u00f3\u017cku lekko\u015bci i nowoczesnego akcentu.<\/p>\n\n\n\n<h3 class=\"wp-block-heading\">Komfort i przestrze\u0144 \u2013 rozmiar 200\u00d7200<\/h3>\n\n\n\n<p>Brak pojemnika na po\u015bciel w tej realizacji pozwoli\u0142 zachowa\u0107 maksymalnie lekk\u0105 i minimalistyczn\u0105 form\u0119 \u0142\u00f3\u017cka. Rozmiar <strong>200\u00d7200 cm<\/strong> to idealne rozwi\u0105zanie dla os\u00f3b, kt\u00f3re ceni\u0105 du\u017c\u0105 przestrze\u0144 do snu oraz swobod\u0119 ruch\u00f3w, bez kompromis\u00f3w w kwestii estetyki.<\/p>\n\n\n\n<h3 class=\"wp-block-heading\">Realizacja w Stanis\u0142awowie \u2013 okolice Nowego Dworu Mazowieckiego<\/h3>\n\n\n\n<p>Monta\u017c \u0142\u00f3\u017cka XAVIER zosta\u0142 wykonany w miejscowo\u015bci <strong>Stanis\u0142awowo<\/strong>, niedaleko <strong>Nowego Dworu Mazowieckiego<\/strong>. Ca\u0142a realizacja przebieg\u0142a sprawnie, a efekt ko\u0144cowy doskonale wpisa\u0142 si\u0119 w aran\u017cacj\u0119 sypialni klienta, podkre\u015blaj\u0105c jej elegancki i nowoczesny charakter.<\/p>\n\n\n\n<h3 class=\"wp-block-heading\">Szukasz \u0142\u00f3\u017cka tapicerowanego Italcomfort w okolicach Nowego Dworu Mazowieckiego?<\/h3>\n\n\n\n<p>Je\u015bli interesuje Ci\u0119 <strong>\u0142\u00f3\u017cko tapicerowane Italcomfort<\/strong>, <strong>\u0142\u00f3\u017cko do du\u017cej sypialni 200\u00d7200<\/strong> lub realizacja <strong>\u0142\u00f3\u017cka na zam\u00f3wienie w Nowym Dworze Mazowieckim i okolicach<\/strong>, zapraszamy do naszego salonu.<\/p>\n\n\n\n<p><strong>Sypialnia Marze\u0144<\/strong><br>ul. Zakroczymska 44<br>Nowy Dw\u00f3r Mazowiecki<\/p>\n\n\n\n<p>Doradzimy w wyborze modelu, tkaniny i konfiguracji, aby stworzy\u0107 sypialni\u0119 idealnie dopasowan\u0105 do Twoich oczekiwa\u0144.<\/p>\n\n\n\n<p><\/p>\n","protected":false},"excerpt":{"rendered":"<p>Kolejna realizacja za nami \u2013 tym razem mieli\u015bmy przyjemno\u015b\u0107 dostarczy\u0107 i zamontowa\u0107 \u0142\u00f3\u017cko tapicerowane XAVIER od Italcomfort w miejscowo\u015bci Stanis\u0142awowo, &hellip; <\/p>\n","protected":false},"author":1,"featured_media":699,"comment_status":"open","ping_status":"open","sticky":false,"template":"","format":"standard","meta":{"footnotes":""},"categories":[16],"tags":[],"class_list":["post-697","post","type-post","status-publish","format-standard","has-post-thumbnail","hentry","category-realizacje"],"yoast_head":"<!-- This site is optimized with the Yoast SEO plugin v27.5 - https:\/\/yoast.com\/product\/yoast-seo-wordpress\/ -->\n<title>Realizacja: \u0141\u00f3\u017cko XAVIER\u2013 11.04.2024 - Sypialnia Marze\u0144<\/title>\n<meta name=\"robots\" content=\"index, follow, max-snippet:-1, max-image-preview:large, max-video-preview:-1\" \/>\n<link rel=\"canonical\" href=\"https:\/\/sypialnia-marzen.pl\/blog\/realizacja-lozko-xavier-11-04-2024\/\" \/>\n<meta property=\"og:locale\" content=\"pl_PL\" \/>\n<meta property=\"og:type\" content=\"article\" \/>\n<meta property=\"og:title\" content=\"Realizacja: \u0141\u00f3\u017cko XAVIER\u2013 11.04.2024 - Sypialnia Marze\u0144\" \/>\n<meta property=\"og:description\" content=\"Kolejna realizacja za nami \u2013 tym razem mieli\u015bmy przyjemno\u015b\u0107 dostarczy\u0107 i zamontowa\u0107 \u0142\u00f3\u017cko tapicerowane XAVIER od Italcomfort w miejscowo\u015bci Stanis\u0142awowo, &hellip;\" \/>\n<meta property=\"og:url\" content=\"https:\/\/sypialnia-marzen.pl\/blog\/realizacja-lozko-xavier-11-04-2024\/\" \/>\n<meta property=\"og:site_name\" content=\"Sypialnia Marze\u0144\" \/>\n<meta property=\"article:publisher\" content=\"https:\/\/www.facebook.com\/sklepsypialniamarzenpl\" \/>\n<meta property=\"article:published_time\" content=\"2026-01-14T13:49:35+00:00\" \/>\n<meta property=\"article:modified_time\" content=\"2026-01-14T15:23:16+00:00\" \/>\n<meta property=\"og:image\" content=\"https:\/\/sypialnia-marzen.pl\/blog\/wp-content\/uploads\/2026\/01\/20240411_154803-scaled.jpg\" \/>\n\t<meta property=\"og:image:width\" content=\"2560\" \/>\n\t<meta property=\"og:image:height\" content=\"1920\" \/>\n\t<meta property=\"og:image:type\" content=\"image\/jpeg\" \/>\n<meta name=\"author\" content=\"admin\" \/>\n<meta name=\"twitter:card\" content=\"summary_large_image\" \/>\n<meta name=\"twitter:label1\" content=\"Napisane przez\" \/>\n\t<meta name=\"twitter:data1\" content=\"admin\" \/>\n\t<meta name=\"twitter:label2\" content=\"Szacowany czas czytania\" \/>\n\t<meta name=\"twitter:data2\" content=\"2 minuty\" \/>\n<script type=\"application\/ld+json\" class=\"yoast-schema-graph\">{\"@context\":\"https:\\\/\\\/schema.org\",\"@graph\":[{\"@type\":\"Article\",\"@id\":\"https:\\\/\\\/sypialnia-marzen.pl\\\/blog\\\/realizacja-lozko-xavier-11-04-2024\\\/#article\",\"isPartOf\":{\"@id\":\"https:\\\/\\\/sypialnia-marzen.pl\\\/blog\\\/realizacja-lozko-xavier-11-04-2024\\\/\"},\"author\":{\"name\":\"admin\",\"@id\":\"https:\\\/\\\/sypialnia-marzen.pl\\\/blog\\\/#\\\/schema\\\/person\\\/a19b7138345a394f4b0935633fb4d695\"},\"headline\":\"Realizacja: \u0141\u00f3\u017cko XAVIER\u2013 11.04.2024\",\"datePublished\":\"2026-01-14T13:49:35+00:00\",\"dateModified\":\"2026-01-14T15:23:16+00:00\",\"mainEntityOfPage\":{\"@id\":\"https:\\\/\\\/sypialnia-marzen.pl\\\/blog\\\/realizacja-lozko-xavier-11-04-2024\\\/\"},\"wordCount\":369,\"commentCount\":0,\"publisher\":{\"@id\":\"https:\\\/\\\/sypialnia-marzen.pl\\\/blog\\\/#organization\"},\"image\":{\"@id\":\"https:\\\/\\\/sypialnia-marzen.pl\\\/blog\\\/realizacja-lozko-xavier-11-04-2024\\\/#primaryimage\"},\"thumbnailUrl\":\"https:\\\/\\\/sypialnia-marzen.pl\\\/blog\\\/wp-content\\\/uploads\\\/2026\\\/01\\\/20240411_154803-scaled.jpg\",\"articleSection\":[\"Realizacje\"],\"inLanguage\":\"pl-PL\",\"potentialAction\":[{\"@type\":\"CommentAction\",\"name\":\"Comment\",\"target\":[\"https:\\\/\\\/sypialnia-marzen.pl\\\/blog\\\/realizacja-lozko-xavier-11-04-2024\\\/#respond\"]}]},{\"@type\":\"WebPage\",\"@id\":\"https:\\\/\\\/sypialnia-marzen.pl\\\/blog\\\/realizacja-lozko-xavier-11-04-2024\\\/\",\"url\":\"https:\\\/\\\/sypialnia-marzen.pl\\\/blog\\\/realizacja-lozko-xavier-11-04-2024\\\/\",\"name\":\"Realizacja: \u0141\u00f3\u017cko XAVIER\u2013 11.04.2024 - Sypialnia Marze\u0144\",\"isPartOf\":{\"@id\":\"https:\\\/\\\/sypialnia-marzen.pl\\\/blog\\\/#website\"},\"primaryImageOfPage\":{\"@id\":\"https:\\\/\\\/sypialnia-marzen.pl\\\/blog\\\/realizacja-lozko-xavier-11-04-2024\\\/#primaryimage\"},\"image\":{\"@id\":\"https:\\\/\\\/sypialnia-marzen.pl\\\/blog\\\/realizacja-lozko-xavier-11-04-2024\\\/#primaryimage\"},\"thumbnailUrl\":\"https:\\\/\\\/sypialnia-marzen.pl\\\/blog\\\/wp-content\\\/uploads\\\/2026\\\/01\\\/20240411_154803-scaled.jpg\",\"datePublished\":\"2026-01-14T13:49:35+00:00\",\"dateModified\":\"2026-01-14T15:23:16+00:00\",\"breadcrumb\":{\"@id\":\"https:\\\/\\\/sypialnia-marzen.pl\\\/blog\\\/realizacja-lozko-xavier-11-04-2024\\\/#breadcrumb\"},\"inLanguage\":\"pl-PL\",\"potentialAction\":[{\"@type\":\"ReadAction\",\"target\":[\"https:\\\/\\\/sypialnia-marzen.pl\\\/blog\\\/realizacja-lozko-xavier-11-04-2024\\\/\"]}]},{\"@type\":\"ImageObject\",\"inLanguage\":\"pl-PL\",\"@id\":\"https:\\\/\\\/sypialnia-marzen.pl\\\/blog\\\/realizacja-lozko-xavier-11-04-2024\\\/#primaryimage\",\"url\":\"https:\\\/\\\/sypialnia-marzen.pl\\\/blog\\\/wp-content\\\/uploads\\\/2026\\\/01\\\/20240411_154803-scaled.jpg\",\"contentUrl\":\"https:\\\/\\\/sypialnia-marzen.pl\\\/blog\\\/wp-content\\\/uploads\\\/2026\\\/01\\\/20240411_154803-scaled.jpg\",\"width\":2560,\"height\":1920},{\"@type\":\"BreadcrumbList\",\"@id\":\"https:\\\/\\\/sypialnia-marzen.pl\\\/blog\\\/realizacja-lozko-xavier-11-04-2024\\\/#breadcrumb\",\"itemListElement\":[{\"@type\":\"ListItem\",\"position\":1,\"name\":\"Strona g\u0142\u00f3wna\",\"item\":\"https:\\\/\\\/sypialnia-marzen.pl\\\/blog\\\/\"},{\"@type\":\"ListItem\",\"position\":2,\"name\":\"Realizacja: \u0141\u00f3\u017cko XAVIER\u2013 11.04.2024\"}]},{\"@type\":\"WebSite\",\"@id\":\"https:\\\/\\\/sypialnia-marzen.pl\\\/blog\\\/#website\",\"url\":\"https:\\\/\\\/sypialnia-marzen.pl\\\/blog\\\/\",\"name\":\"Sypialnia Marze\u0144\",\"description\":\"Blog\",\"publisher\":{\"@id\":\"https:\\\/\\\/sypialnia-marzen.pl\\\/blog\\\/#organization\"},\"potentialAction\":[{\"@type\":\"SearchAction\",\"target\":{\"@type\":\"EntryPoint\",\"urlTemplate\":\"https:\\\/\\\/sypialnia-marzen.pl\\\/blog\\\/?s={search_term_string}\"},\"query-input\":{\"@type\":\"PropertyValueSpecification\",\"valueRequired\":true,\"valueName\":\"search_term_string\"}}],\"inLanguage\":\"pl-PL\"},{\"@type\":\"Organization\",\"@id\":\"https:\\\/\\\/sypialnia-marzen.pl\\\/blog\\\/#organization\",\"name\":\"Sypialnia Marze\u0144\",\"url\":\"https:\\\/\\\/sypialnia-marzen.pl\\\/blog\\\/\",\"logo\":{\"@type\":\"ImageObject\",\"inLanguage\":\"pl-PL\",\"@id\":\"https:\\\/\\\/sypialnia-marzen.pl\\\/blog\\\/#\\\/schema\\\/logo\\\/image\\\/\",\"url\":\"https:\\\/\\\/sypialnia-marzen.pl\\\/blog\\\/wp-content\\\/uploads\\\/2026\\\/01\\\/logo-strona2-1.png\",\"contentUrl\":\"https:\\\/\\\/sypialnia-marzen.pl\\\/blog\\\/wp-content\\\/uploads\\\/2026\\\/01\\\/logo-strona2-1.png\",\"width\":1100,\"height\":610,\"caption\":\"Sypialnia Marze\u0144\"},\"image\":{\"@id\":\"https:\\\/\\\/sypialnia-marzen.pl\\\/blog\\\/#\\\/schema\\\/logo\\\/image\\\/\"},\"sameAs\":[\"https:\\\/\\\/www.facebook.com\\\/sklepsypialniamarzenpl\"]},{\"@type\":\"Person\",\"@id\":\"https:\\\/\\\/sypialnia-marzen.pl\\\/blog\\\/#\\\/schema\\\/person\\\/a19b7138345a394f4b0935633fb4d695\",\"name\":\"admin\",\"image\":{\"@type\":\"ImageObject\",\"inLanguage\":\"pl-PL\",\"@id\":\"https:\\\/\\\/secure.gravatar.com\\\/avatar\\\/a74c87fa08545ff617d01f911a8da627b01a68e406fea711f64ae9c4666f23b1?s=96&d=mm&r=g\",\"url\":\"https:\\\/\\\/secure.gravatar.com\\\/avatar\\\/a74c87fa08545ff617d01f911a8da627b01a68e406fea711f64ae9c4666f23b1?s=96&d=mm&r=g\",\"contentUrl\":\"https:\\\/\\\/secure.gravatar.com\\\/avatar\\\/a74c87fa08545ff617d01f911a8da627b01a68e406fea711f64ae9c4666f23b1?s=96&d=mm&r=g\",\"caption\":\"admin\"},\"sameAs\":[\"https:\\\/\\\/sypialnia-marzen.pl\\\/blog\"],\"url\":\"https:\\\/\\\/sypialnia-marzen.pl\\\/blog\\\/author\\\/admin\\\/\"}]}<\/script>\n<!-- \/ Yoast SEO plugin. -->","yoast_head_json":{"title":"Realizacja: \u0141\u00f3\u017cko XAVIER\u2013 11.04.2024 - Sypialnia Marze\u0144","robots":{"index":"index","follow":"follow","max-snippet":"max-snippet:-1","max-image-preview":"max-image-preview:large","max-video-preview":"max-video-preview:-1"},"canonical":"https:\/\/sypialnia-marzen.pl\/blog\/realizacja-lozko-xavier-11-04-2024\/","og_locale":"pl_PL","og_type":"article","og_title":"Realizacja: \u0141\u00f3\u017cko XAVIER\u2013 11.04.2024 - Sypialnia Marze\u0144","og_description":"Kolejna realizacja za nami \u2013 tym razem mieli\u015bmy przyjemno\u015b\u0107 dostarczy\u0107 i zamontowa\u0107 \u0142\u00f3\u017cko tapicerowane XAVIER od Italcomfort w miejscowo\u015bci Stanis\u0142awowo, &hellip;","og_url":"https:\/\/sypialnia-marzen.pl\/blog\/realizacja-lozko-xavier-11-04-2024\/","og_site_name":"Sypialnia Marze\u0144","article_publisher":"https:\/\/www.facebook.com\/sklepsypialniamarzenpl","article_published_time":"2026-01-14T13:49:35+00:00","article_modified_time":"2026-01-14T15:23:16+00:00","og_image":[{"width":2560,"height":1920,"url":"https:\/\/sypialnia-marzen.pl\/blog\/wp-content\/uploads\/2026\/01\/20240411_154803-scaled.jpg","type":"image\/jpeg"}],"author":"admin","twitter_card":"summary_large_image","twitter_misc":{"Napisane przez":"admin","Szacowany czas czytania":"2 minuty"},"schema":{"@context":"https:\/\/schema.org","@graph":[{"@type":"Article","@id":"https:\/\/sypialnia-marzen.pl\/blog\/realizacja-lozko-xavier-11-04-2024\/#article","isPartOf":{"@id":"https:\/\/sypialnia-marzen.pl\/blog\/realizacja-lozko-xavier-11-04-2024\/"},"author":{"name":"admin","@id":"https:\/\/sypialnia-marzen.pl\/blog\/#\/schema\/person\/a19b7138345a394f4b0935633fb4d695"},"headline":"Realizacja: \u0141\u00f3\u017cko XAVIER\u2013 11.04.2024","datePublished":"2026-01-14T13:49:35+00:00","dateModified":"2026-01-14T15:23:16+00:00","mainEntityOfPage":{"@id":"https:\/\/sypialnia-marzen.pl\/blog\/realizacja-lozko-xavier-11-04-2024\/"},"wordCount":369,"commentCount":0,"publisher":{"@id":"https:\/\/sypialnia-marzen.pl\/blog\/#organization"},"image":{"@id":"https:\/\/sypialnia-marzen.pl\/blog\/realizacja-lozko-xavier-11-04-2024\/#primaryimage"},"thumbnailUrl":"https:\/\/sypialnia-marzen.pl\/blog\/wp-content\/uploads\/2026\/01\/20240411_154803-scaled.jpg","articleSection":["Realizacje"],"inLanguage":"pl-PL","potentialAction":[{"@type":"CommentAction","name":"Comment","target":["https:\/\/sypialnia-marzen.pl\/blog\/realizacja-lozko-xavier-11-04-2024\/#respond"]}]},{"@type":"WebPage","@id":"https:\/\/sypialnia-marzen.pl\/blog\/realizacja-lozko-xavier-11-04-2024\/","url":"https:\/\/sypialnia-marzen.pl\/blog\/realizacja-lozko-xavier-11-04-2024\/","name":"Realizacja: \u0141\u00f3\u017cko XAVIER\u2013 11.04.2024 - Sypialnia Marze\u0144","isPartOf":{"@id":"https:\/\/sypialnia-marzen.pl\/blog\/#website"},"primaryImageOfPage":{"@id":"https:\/\/sypialnia-marzen.pl\/blog\/realizacja-lozko-xavier-11-04-2024\/#primaryimage"},"image":{"@id":"https:\/\/sypialnia-marzen.pl\/blog\/realizacja-lozko-xavier-11-04-2024\/#primaryimage"},"thumbnailUrl":"https:\/\/sypialnia-marzen.pl\/blog\/wp-content\/uploads\/2026\/01\/20240411_154803-scaled.jpg","datePublished":"2026-01-14T13:49:35+00:00","dateModified":"2026-01-14T15:23:16+00:00","breadcrumb":{"@id":"https:\/\/sypialnia-marzen.pl\/blog\/realizacja-lozko-xavier-11-04-2024\/#breadcrumb"},"inLanguage":"pl-PL","potentialAction":[{"@type":"ReadAction","target":["https:\/\/sypialnia-marzen.pl\/blog\/realizacja-lozko-xavier-11-04-2024\/"]}]},{"@type":"ImageObject","inLanguage":"pl-PL","@id":"https:\/\/sypialnia-marzen.pl\/blog\/realizacja-lozko-xavier-11-04-2024\/#primaryimage","url":"https:\/\/sypialnia-marzen.pl\/blog\/wp-content\/uploads\/2026\/01\/20240411_154803-scaled.jpg","contentUrl":"https:\/\/sypialnia-marzen.pl\/blog\/wp-content\/uploads\/2026\/01\/20240411_154803-scaled.jpg","width":2560,"height":1920},{"@type":"BreadcrumbList","@id":"https:\/\/sypialnia-marzen.pl\/blog\/realizacja-lozko-xavier-11-04-2024\/#breadcrumb","itemListElement":[{"@type":"ListItem","position":1,"name":"Strona g\u0142\u00f3wna","item":"https:\/\/sypialnia-marzen.pl\/blog\/"},{"@type":"ListItem","position":2,"name":"Realizacja: \u0141\u00f3\u017cko XAVIER\u2013 11.04.2024"}]},{"@type":"WebSite","@id":"https:\/\/sypialnia-marzen.pl\/blog\/#website","url":"https:\/\/sypialnia-marzen.pl\/blog\/","name":"Sypialnia Marze\u0144","description":"Blog","publisher":{"@id":"https:\/\/sypialnia-marzen.pl\/blog\/#organization"},"potentialAction":[{"@type":"SearchAction","target":{"@type":"EntryPoint","urlTemplate":"https:\/\/sypialnia-marzen.pl\/blog\/?s={search_term_string}"},"query-input":{"@type":"PropertyValueSpecification","valueRequired":true,"valueName":"search_term_string"}}],"inLanguage":"pl-PL"},{"@type":"Organization","@id":"https:\/\/sypialnia-marzen.pl\/blog\/#organization","name":"Sypialnia Marze\u0144","url":"https:\/\/sypialnia-marzen.pl\/blog\/","logo":{"@type":"ImageObject","inLanguage":"pl-PL","@id":"https:\/\/sypialnia-marzen.pl\/blog\/#\/schema\/logo\/image\/","url":"https:\/\/sypialnia-marzen.pl\/blog\/wp-content\/uploads\/2026\/01\/logo-strona2-1.png","contentUrl":"https:\/\/sypialnia-marzen.pl\/blog\/wp-content\/uploads\/2026\/01\/logo-strona2-1.png","width":1100,"height":610,"caption":"Sypialnia Marze\u0144"},"image":{"@id":"https:\/\/sypialnia-marzen.pl\/blog\/#\/schema\/logo\/image\/"},"sameAs":["https:\/\/www.facebook.com\/sklepsypialniamarzenpl"]},{"@type":"Person","@id":"https:\/\/sypialnia-marzen.pl\/blog\/#\/schema\/person\/a19b7138345a394f4b0935633fb4d695","name":"admin","image":{"@type":"ImageObject","inLanguage":"pl-PL","@id":"https:\/\/secure.gravatar.com\/avatar\/a74c87fa08545ff617d01f911a8da627b01a68e406fea711f64ae9c4666f23b1?s=96&d=mm&r=g","url":"https:\/\/secure.gravatar.com\/avatar\/a74c87fa08545ff617d01f911a8da627b01a68e406fea711f64ae9c4666f23b1?s=96&d=mm&r=g","contentUrl":"https:\/\/secure.gravatar.com\/avatar\/a74c87fa08545ff617d01f911a8da627b01a68e406fea711f64ae9c4666f23b1?s=96&d=mm&r=g","caption":"admin"},"sameAs":["https:\/\/sypialnia-marzen.pl\/blog"],"url":"https:\/\/sypialnia-marzen.pl\/blog\/author\/admin\/"}]}},"_links":{"self":[{"href":"https:\/\/sypialnia-marzen.pl\/blog\/wp-json\/wp\/v2\/posts\/697","targetHints":{"allow":["GET"]}}],"collection":[{"href":"https:\/\/sypialnia-marzen.pl\/blog\/wp-json\/wp\/v2\/posts"}],"about":[{"href":"https:\/\/sypialnia-marzen.pl\/blog\/wp-json\/wp\/v2\/types\/post"}],"author":[{"embeddable":true,"href":"https:\/\/sypialnia-marzen.pl\/blog\/wp-json\/wp\/v2\/users\/1"}],"replies":[{"embeddable":true,"href":"https:\/\/sypialnia-marzen.pl\/blog\/wp-json\/wp\/v2\/comments?post=697"}],"version-history":[{"count":0,"href":"https:\/\/sypialnia-marzen.pl\/blog\/wp-json\/wp\/v2\/posts\/697\/revisions"}],"wp:featuredmedia":[{"embeddable":true,"href":"https:\/\/sypialnia-marzen.pl\/blog\/wp-json\/wp\/v2\/media\/699"}],"wp:attachment":[{"href":"https:\/\/sypialnia-marzen.pl\/blog\/wp-json\/wp\/v2\/media?parent=697"}],"wp:term":[{"taxonomy":"category","embeddable":true,"href":"https:\/\/sypialnia-marzen.pl\/blog\/wp-json\/wp\/v2\/categories?post=697"},{"taxonomy":"post_tag","embeddable":true,"href":"https:\/\/sypialnia-marzen.pl\/blog\/wp-json\/wp\/v2\/tags?post=697"}],"curies":[{"name":"wp","href":"https:\/\/api.w.org\/{rel}","templated":true}]}}