{"id":750,"date":"2026-01-14T15:39:25","date_gmt":"2026-01-14T15:39:25","guid":{"rendered":"https:\/\/sypialnia-marzen.pl\/blog\/?p=750"},"modified":"2026-01-14T15:39:26","modified_gmt":"2026-01-14T15:39:26","slug":"realizacja-lozko-modena-02-12-2023","status":"publish","type":"post","link":"https:\/\/sypialnia-marzen.pl\/blog\/realizacja-lozko-modena-02-12-2023\/","title":{"rendered":"Realizacja: \u0141\u00f3\u017cko MODENA &#8211; 02.12.2023"},"content":{"rendered":"\n<figure class=\"wp-block-gallery has-nested-images columns-default is-cropped wp-block-gallery-1 is-layout-flex wp-block-gallery-is-layout-flex\">\n<figure data-wp-context=\"{&quot;imageId&quot;:&quot;69f41f76515e4&quot;}\" data-wp-interactive=\"core\/image\" data-wp-key=\"69f41f76515e4\" class=\"wp-block-image size-large wp-lightbox-container\"><img loading=\"lazy\" decoding=\"async\" width=\"768\" height=\"1024\" data-wp-class--hide=\"state.isContentHidden\" data-wp-class--show=\"state.isContentVisible\" data-wp-init=\"callbacks.setButtonStyles\" data-wp-on--click=\"actions.showLightbox\" data-wp-on--load=\"callbacks.setButtonStyles\" data-wp-on-window--resize=\"callbacks.setButtonStyles\" data-id=\"753\" src=\"https:\/\/sypialnia-marzen.pl\/blog\/wp-content\/uploads\/2026\/01\/20231202_110752-768x1024.jpg\" alt=\"\" class=\"wp-image-753\" srcset=\"https:\/\/sypialnia-marzen.pl\/blog\/wp-content\/uploads\/2026\/01\/20231202_110752-768x1024.jpg 768w, https:\/\/sypialnia-marzen.pl\/blog\/wp-content\/uploads\/2026\/01\/20231202_110752-225x300.jpg 225w, https:\/\/sypialnia-marzen.pl\/blog\/wp-content\/uploads\/2026\/01\/20231202_110752-1152x1536.jpg 1152w, https:\/\/sypialnia-marzen.pl\/blog\/wp-content\/uploads\/2026\/01\/20231202_110752-1536x2048.jpg 1536w, https:\/\/sypialnia-marzen.pl\/blog\/wp-content\/uploads\/2026\/01\/20231202_110752-scaled.jpg 1920w\" sizes=\"auto, (max-width: 768px) 100vw, 768px\" \/><button\n\t\t\tclass=\"lightbox-trigger\"\n\t\t\ttype=\"button\"\n\t\t\taria-haspopup=\"dialog\"\n\t\t\taria-label=\"Powi\u0119ksz\"\n\t\t\tdata-wp-init=\"callbacks.initTriggerButton\"\n\t\t\tdata-wp-on--click=\"actions.showLightbox\"\n\t\t\tdata-wp-style--right=\"state.imageButtonRight\"\n\t\t\tdata-wp-style--top=\"state.imageButtonTop\"\n\t\t>\n\t\t\t<svg xmlns=\"http:\/\/www.w3.org\/2000\/svg\" width=\"12\" height=\"12\" fill=\"none\" viewBox=\"0 0 12 12\">\n\t\t\t\t<path fill=\"#fff\" d=\"M2 0a2 2 0 0 0-2 2v2h1.5V2a.5.5 0 0 1 .5-.5h2V0H2Zm2 10.5H2a.5.5 0 0 1-.5-.5V8H0v2a2 2 0 0 0 2 2h2v-1.5ZM8 12v-1.5h2a.5.5 0 0 0 .5-.5V8H12v2a2 2 0 0 1-2 2H8Zm2-12a2 2 0 0 1 2 2v2h-1.5V2a.5.5 0 0 0-.5-.5H8V0h2Z\" \/>\n\t\t\t<\/svg>\n\t\t<\/button><\/figure>\n\n\n\n<figure data-wp-context=\"{&quot;imageId&quot;:&quot;69f41f7651cac&quot;}\" data-wp-interactive=\"core\/image\" data-wp-key=\"69f41f7651cac\" class=\"wp-block-image size-large wp-lightbox-container\"><img loading=\"lazy\" decoding=\"async\" width=\"1024\" height=\"768\" data-wp-class--hide=\"state.isContentHidden\" data-wp-class--show=\"state.isContentVisible\" data-wp-init=\"callbacks.setButtonStyles\" data-wp-on--click=\"actions.showLightbox\" data-wp-on--load=\"callbacks.setButtonStyles\" data-wp-on-window--resize=\"callbacks.setButtonStyles\" data-id=\"751\" src=\"https:\/\/sypialnia-marzen.pl\/blog\/wp-content\/uploads\/2026\/01\/20231202_110738-1024x768.jpg\" alt=\"\" class=\"wp-image-751\" srcset=\"https:\/\/sypialnia-marzen.pl\/blog\/wp-content\/uploads\/2026\/01\/20231202_110738-1024x768.jpg 1024w, https:\/\/sypialnia-marzen.pl\/blog\/wp-content\/uploads\/2026\/01\/20231202_110738-300x225.jpg 300w, https:\/\/sypialnia-marzen.pl\/blog\/wp-content\/uploads\/2026\/01\/20231202_110738-768x576.jpg 768w, https:\/\/sypialnia-marzen.pl\/blog\/wp-content\/uploads\/2026\/01\/20231202_110738-1536x1152.jpg 1536w, https:\/\/sypialnia-marzen.pl\/blog\/wp-content\/uploads\/2026\/01\/20231202_110738-2048x1536.jpg 2048w\" sizes=\"auto, (max-width: 1024px) 100vw, 1024px\" \/><button\n\t\t\tclass=\"lightbox-trigger\"\n\t\t\ttype=\"button\"\n\t\t\taria-haspopup=\"dialog\"\n\t\t\taria-label=\"Powi\u0119ksz\"\n\t\t\tdata-wp-init=\"callbacks.initTriggerButton\"\n\t\t\tdata-wp-on--click=\"actions.showLightbox\"\n\t\t\tdata-wp-style--right=\"state.imageButtonRight\"\n\t\t\tdata-wp-style--top=\"state.imageButtonTop\"\n\t\t>\n\t\t\t<svg xmlns=\"http:\/\/www.w3.org\/2000\/svg\" width=\"12\" height=\"12\" fill=\"none\" viewBox=\"0 0 12 12\">\n\t\t\t\t<path fill=\"#fff\" d=\"M2 0a2 2 0 0 0-2 2v2h1.5V2a.5.5 0 0 1 .5-.5h2V0H2Zm2 10.5H2a.5.5 0 0 1-.5-.5V8H0v2a2 2 0 0 0 2 2h2v-1.5ZM8 12v-1.5h2a.5.5 0 0 0 .5-.5V8H12v2a2 2 0 0 1-2 2H8Zm2-12a2 2 0 0 1 2 2v2h-1.5V2a.5.5 0 0 0-.5-.5H8V0h2Z\" \/>\n\t\t\t<\/svg>\n\t\t<\/button><\/figure>\n\n\n\n<figure data-wp-context=\"{&quot;imageId&quot;:&quot;69f41f7652129&quot;}\" data-wp-interactive=\"core\/image\" data-wp-key=\"69f41f7652129\" class=\"wp-block-image size-large wp-lightbox-container\"><img loading=\"lazy\" decoding=\"async\" width=\"1024\" height=\"768\" data-wp-class--hide=\"state.isContentHidden\" data-wp-class--show=\"state.isContentVisible\" data-wp-init=\"callbacks.setButtonStyles\" data-wp-on--click=\"actions.showLightbox\" data-wp-on--load=\"callbacks.setButtonStyles\" data-wp-on-window--resize=\"callbacks.setButtonStyles\" data-id=\"752\" src=\"https:\/\/sypialnia-marzen.pl\/blog\/wp-content\/uploads\/2026\/01\/20231202_111133-1024x768.jpg\" alt=\"\" class=\"wp-image-752\" srcset=\"https:\/\/sypialnia-marzen.pl\/blog\/wp-content\/uploads\/2026\/01\/20231202_111133-1024x768.jpg 1024w, https:\/\/sypialnia-marzen.pl\/blog\/wp-content\/uploads\/2026\/01\/20231202_111133-300x225.jpg 300w, https:\/\/sypialnia-marzen.pl\/blog\/wp-content\/uploads\/2026\/01\/20231202_111133-768x576.jpg 768w, https:\/\/sypialnia-marzen.pl\/blog\/wp-content\/uploads\/2026\/01\/20231202_111133-1536x1152.jpg 1536w, https:\/\/sypialnia-marzen.pl\/blog\/wp-content\/uploads\/2026\/01\/20231202_111133-2048x1536.jpg 2048w\" sizes=\"auto, (max-width: 1024px) 100vw, 1024px\" \/><button\n\t\t\tclass=\"lightbox-trigger\"\n\t\t\ttype=\"button\"\n\t\t\taria-haspopup=\"dialog\"\n\t\t\taria-label=\"Powi\u0119ksz\"\n\t\t\tdata-wp-init=\"callbacks.initTriggerButton\"\n\t\t\tdata-wp-on--click=\"actions.showLightbox\"\n\t\t\tdata-wp-style--right=\"state.imageButtonRight\"\n\t\t\tdata-wp-style--top=\"state.imageButtonTop\"\n\t\t>\n\t\t\t<svg xmlns=\"http:\/\/www.w3.org\/2000\/svg\" width=\"12\" height=\"12\" fill=\"none\" viewBox=\"0 0 12 12\">\n\t\t\t\t<path fill=\"#fff\" d=\"M2 0a2 2 0 0 0-2 2v2h1.5V2a.5.5 0 0 1 .5-.5h2V0H2Zm2 10.5H2a.5.5 0 0 1-.5-.5V8H0v2a2 2 0 0 0 2 2h2v-1.5ZM8 12v-1.5h2a.5.5 0 0 0 .5-.5V8H12v2a2 2 0 0 1-2 2H8Zm2-12a2 2 0 0 1 2 2v2h-1.5V2a.5.5 0 0 0-.5-.5H8V0h2Z\" \/>\n\t\t\t<\/svg>\n\t\t<\/button><\/figure>\n<\/figure>\n\n\n\n<p>Coraz cz\u0119\u015bciej nasi klienci wybieraj\u0105 <strong>\u0142\u00f3\u017cka tapicerowane Italcomfort<\/strong>, kt\u00f3re \u0142\u0105cz\u0105 elegancj\u0119, wygod\u0119 i funkcjonalno\u015b\u0107. Tym razem wykonali\u015bmy realizacj\u0119 <strong>\u0142\u00f3\u017cka Modena<\/strong> dla klienta z <strong>Nowego Dworu Mazowieckiego<\/strong> \u2013 model o klasycznej formie, ale z praktycznym <strong>pojemnikiem bezramowym<\/strong>, idealny do nowoczesnej sypialni.<\/p>\n\n\n\n<h3 class=\"wp-block-heading\">\u0141\u00f3\u017cko MODENA Italcomfort \u2013 szczeg\u00f3\u0142y realizacji<\/h3>\n\n\n\n<p>Model <strong>Modena<\/strong> wyr\u00f3\u017cnia si\u0119 eleganckim <strong>wezg\u0142owiem<\/strong> i solidn\u0105 konstrukcj\u0105 ramy 30 cm, kt\u00f3ra zapewnia stabilno\u015b\u0107 oraz komfort u\u017cytkowania. Dzi\u0119ki <strong>pojemnikowi bezramowemu<\/strong> u\u017cytkownik zyskuje maksymaln\u0105 przestrze\u0144 do przechowywania po\u015bcieli i innych tekstyli\u00f3w, a minimalistyczna forma dodaje sypialni lekko\u015bci i nowoczesnego charakteru.<\/p>\n\n\n\n<p><strong>Specyfikacja zam\u00f3wienia:<\/strong><\/p>\n\n\n\n<ul class=\"wp-block-list\">\n<li>model: <strong>MODENA Italcomfort<\/strong><\/li>\n\n\n\n<li>wymiary: <strong>180&#215;200 cm<\/strong><\/li>\n\n\n\n<li><strong>wezg\u0142owie:<\/strong> 115 cm<\/li>\n\n\n\n<li><strong>rama:<\/strong> 30 cm<\/li>\n\n\n\n<li><strong>nogi:<\/strong> TAP 30<\/li>\n\n\n\n<li><strong>pojemnik:<\/strong> bezramowy<\/li>\n\n\n\n<li>tkanina: <strong>Prestige 2764 Toptextil<\/strong><\/li>\n\n\n\n<li>lokalizacja monta\u017cu: <strong>Nowy Dw\u00f3r Mazowiecki<\/strong><\/li>\n<\/ul>\n\n\n\n<h3 class=\"wp-block-heading\">Elegancja i komfort w ka\u017cdym detalu<\/h3>\n\n\n\n<p>\u0141\u00f3\u017cko Modena \u0142\u0105czy <strong>wysokiej jako\u015bci tkanin\u0119 Prestige 2764 Toptextil<\/strong> z nowoczesnym designem i wygodnym <strong>wezg\u0142owiem<\/strong>, kt\u00f3re idealnie sprawdza si\u0119 podczas odpoczynku, czytania lub relaksu w sypialni. <strong>Bezramowy pojemnik<\/strong> umo\u017cliwia \u0142atwy dost\u0119p do przechowywanych rzeczy, zachowuj\u0105c przy tym minimalistyczn\u0105 i eleganck\u0105 form\u0119 \u0142\u00f3\u017cka.<\/p>\n\n\n\n<p>Dodatkowo solidne <strong>nogi TAP 30<\/strong> i konstrukcja ramy 30 cm gwarantuj\u0105 stabilno\u015b\u0107 oraz trwa\u0142o\u015b\u0107 na lata, dzi\u0119ki czemu \u0142\u00f3\u017cko staje si\u0119 centralnym elementem ka\u017cdej sypialni.<\/p>\n\n\n\n<h3 class=\"wp-block-heading\">Monta\u017c w Nowym Dworze Mazowieckim<\/h3>\n\n\n\n<p>\u0141\u00f3\u017cko zosta\u0142o zamontowane u klienta w <strong>Nowym Dworze Mazowieckim<\/strong>, pokazuj\u0105c, \u017ce w <strong>Sypialni Marze\u0144<\/strong> realizujemy zar\u00f3wno standardowe modele z szybk\u0105 dostaw\u0105, jak i indywidualnie dopasowane zam\u00f3wienia, spe\u0142niaj\u0105ce oczekiwania nawet najbardziej wymagaj\u0105cych klient\u00f3w.<\/p>\n\n\n\n<h3 class=\"wp-block-heading\">Szukasz \u0142\u00f3\u017cka tapicerowanego Modena lub innych modeli Italcomfort?<\/h3>\n\n\n\n<p>Je\u017celi interesuje Ci\u0119 <strong>\u0142\u00f3\u017cko tapicerowane z pojemnikiem<\/strong>, model <strong>Modena Italcomfort<\/strong> lub inne eleganckie \u0142\u00f3\u017cka do nowoczesnej sypialni, zapraszamy do odwiedzenia naszego salonu oraz sklepu internetowego. <strong>Sypialnia Marze\u0144<\/strong> pomo\u017ce Ci dobra\u0107 \u0142\u00f3\u017cko, kt\u00f3re po\u0142\u0105czy <strong>komfort, funkcjonalno\u015b\u0107 i wyj\u0105tkowy design<\/strong>.<\/p>\n\n\n\n<p><strong>Sypialnia Marze\u0144<\/strong><br>ul. Zakroczymska 44<br>Nowy Dw\u00f3r Mazowiecki<\/p>\n\n\n\n<p><\/p>\n","protected":false},"excerpt":{"rendered":"<p>Coraz cz\u0119\u015bciej nasi klienci wybieraj\u0105 \u0142\u00f3\u017cka tapicerowane Italcomfort, kt\u00f3re \u0142\u0105cz\u0105 elegancj\u0119, wygod\u0119 i funkcjonalno\u015b\u0107. Tym razem wykonali\u015bmy realizacj\u0119 \u0142\u00f3\u017cka Modena &hellip; <\/p>\n","protected":false},"author":1,"featured_media":753,"comment_status":"open","ping_status":"open","sticky":false,"template":"","format":"standard","meta":{"footnotes":""},"categories":[16],"tags":[],"class_list":["post-750","post","type-post","status-publish","format-standard","has-post-thumbnail","hentry","category-realizacje"],"yoast_head":"<!-- This site is optimized with the Yoast SEO plugin v27.5 - https:\/\/yoast.com\/product\/yoast-seo-wordpress\/ -->\n<title>Realizacja: \u0141\u00f3\u017cko MODENA - 02.12.2023 - Sypialnia Marze\u0144<\/title>\n<meta name=\"robots\" content=\"index, follow, max-snippet:-1, max-image-preview:large, max-video-preview:-1\" \/>\n<link rel=\"canonical\" href=\"https:\/\/sypialnia-marzen.pl\/blog\/realizacja-lozko-modena-02-12-2023\/\" \/>\n<meta property=\"og:locale\" content=\"pl_PL\" \/>\n<meta property=\"og:type\" content=\"article\" \/>\n<meta property=\"og:title\" content=\"Realizacja: \u0141\u00f3\u017cko MODENA - 02.12.2023 - Sypialnia Marze\u0144\" \/>\n<meta property=\"og:description\" content=\"Coraz cz\u0119\u015bciej nasi klienci wybieraj\u0105 \u0142\u00f3\u017cka tapicerowane Italcomfort, kt\u00f3re \u0142\u0105cz\u0105 elegancj\u0119, wygod\u0119 i funkcjonalno\u015b\u0107. Tym razem wykonali\u015bmy realizacj\u0119 \u0142\u00f3\u017cka Modena &hellip;\" \/>\n<meta property=\"og:url\" content=\"https:\/\/sypialnia-marzen.pl\/blog\/realizacja-lozko-modena-02-12-2023\/\" \/>\n<meta property=\"og:site_name\" content=\"Sypialnia Marze\u0144\" \/>\n<meta property=\"article:publisher\" content=\"https:\/\/www.facebook.com\/sklepsypialniamarzenpl\" \/>\n<meta property=\"article:published_time\" content=\"2026-01-14T15:39:25+00:00\" \/>\n<meta property=\"article:modified_time\" content=\"2026-01-14T15:39:26+00:00\" \/>\n<meta property=\"og:image\" content=\"https:\/\/sypialnia-marzen.pl\/blog\/wp-content\/uploads\/2026\/01\/20231202_110752-scaled.jpg\" \/>\n\t<meta property=\"og:image:width\" content=\"1920\" \/>\n\t<meta property=\"og:image:height\" content=\"2560\" \/>\n\t<meta property=\"og:image:type\" content=\"image\/jpeg\" \/>\n<meta name=\"author\" content=\"admin\" \/>\n<meta name=\"twitter:card\" content=\"summary_large_image\" \/>\n<meta name=\"twitter:label1\" content=\"Napisane przez\" \/>\n\t<meta name=\"twitter:data1\" content=\"admin\" \/>\n\t<meta name=\"twitter:label2\" content=\"Szacowany czas czytania\" \/>\n\t<meta name=\"twitter:data2\" content=\"2 minuty\" \/>\n<script type=\"application\/ld+json\" class=\"yoast-schema-graph\">{\"@context\":\"https:\\\/\\\/schema.org\",\"@graph\":[{\"@type\":\"Article\",\"@id\":\"https:\\\/\\\/sypialnia-marzen.pl\\\/blog\\\/realizacja-lozko-modena-02-12-2023\\\/#article\",\"isPartOf\":{\"@id\":\"https:\\\/\\\/sypialnia-marzen.pl\\\/blog\\\/realizacja-lozko-modena-02-12-2023\\\/\"},\"author\":{\"name\":\"admin\",\"@id\":\"https:\\\/\\\/sypialnia-marzen.pl\\\/blog\\\/#\\\/schema\\\/person\\\/a19b7138345a394f4b0935633fb4d695\"},\"headline\":\"Realizacja: \u0141\u00f3\u017cko MODENA &#8211; 02.12.2023\",\"datePublished\":\"2026-01-14T15:39:25+00:00\",\"dateModified\":\"2026-01-14T15:39:26+00:00\",\"mainEntityOfPage\":{\"@id\":\"https:\\\/\\\/sypialnia-marzen.pl\\\/blog\\\/realizacja-lozko-modena-02-12-2023\\\/\"},\"wordCount\":312,\"commentCount\":0,\"publisher\":{\"@id\":\"https:\\\/\\\/sypialnia-marzen.pl\\\/blog\\\/#organization\"},\"image\":{\"@id\":\"https:\\\/\\\/sypialnia-marzen.pl\\\/blog\\\/realizacja-lozko-modena-02-12-2023\\\/#primaryimage\"},\"thumbnailUrl\":\"https:\\\/\\\/sypialnia-marzen.pl\\\/blog\\\/wp-content\\\/uploads\\\/2026\\\/01\\\/20231202_110752-scaled.jpg\",\"articleSection\":[\"Realizacje\"],\"inLanguage\":\"pl-PL\",\"potentialAction\":[{\"@type\":\"CommentAction\",\"name\":\"Comment\",\"target\":[\"https:\\\/\\\/sypialnia-marzen.pl\\\/blog\\\/realizacja-lozko-modena-02-12-2023\\\/#respond\"]}]},{\"@type\":\"WebPage\",\"@id\":\"https:\\\/\\\/sypialnia-marzen.pl\\\/blog\\\/realizacja-lozko-modena-02-12-2023\\\/\",\"url\":\"https:\\\/\\\/sypialnia-marzen.pl\\\/blog\\\/realizacja-lozko-modena-02-12-2023\\\/\",\"name\":\"Realizacja: \u0141\u00f3\u017cko MODENA - 02.12.2023 - Sypialnia Marze\u0144\",\"isPartOf\":{\"@id\":\"https:\\\/\\\/sypialnia-marzen.pl\\\/blog\\\/#website\"},\"primaryImageOfPage\":{\"@id\":\"https:\\\/\\\/sypialnia-marzen.pl\\\/blog\\\/realizacja-lozko-modena-02-12-2023\\\/#primaryimage\"},\"image\":{\"@id\":\"https:\\\/\\\/sypialnia-marzen.pl\\\/blog\\\/realizacja-lozko-modena-02-12-2023\\\/#primaryimage\"},\"thumbnailUrl\":\"https:\\\/\\\/sypialnia-marzen.pl\\\/blog\\\/wp-content\\\/uploads\\\/2026\\\/01\\\/20231202_110752-scaled.jpg\",\"datePublished\":\"2026-01-14T15:39:25+00:00\",\"dateModified\":\"2026-01-14T15:39:26+00:00\",\"breadcrumb\":{\"@id\":\"https:\\\/\\\/sypialnia-marzen.pl\\\/blog\\\/realizacja-lozko-modena-02-12-2023\\\/#breadcrumb\"},\"inLanguage\":\"pl-PL\",\"potentialAction\":[{\"@type\":\"ReadAction\",\"target\":[\"https:\\\/\\\/sypialnia-marzen.pl\\\/blog\\\/realizacja-lozko-modena-02-12-2023\\\/\"]}]},{\"@type\":\"ImageObject\",\"inLanguage\":\"pl-PL\",\"@id\":\"https:\\\/\\\/sypialnia-marzen.pl\\\/blog\\\/realizacja-lozko-modena-02-12-2023\\\/#primaryimage\",\"url\":\"https:\\\/\\\/sypialnia-marzen.pl\\\/blog\\\/wp-content\\\/uploads\\\/2026\\\/01\\\/20231202_110752-scaled.jpg\",\"contentUrl\":\"https:\\\/\\\/sypialnia-marzen.pl\\\/blog\\\/wp-content\\\/uploads\\\/2026\\\/01\\\/20231202_110752-scaled.jpg\",\"width\":1920,\"height\":2560},{\"@type\":\"BreadcrumbList\",\"@id\":\"https:\\\/\\\/sypialnia-marzen.pl\\\/blog\\\/realizacja-lozko-modena-02-12-2023\\\/#breadcrumb\",\"itemListElement\":[{\"@type\":\"ListItem\",\"position\":1,\"name\":\"Strona g\u0142\u00f3wna\",\"item\":\"https:\\\/\\\/sypialnia-marzen.pl\\\/blog\\\/\"},{\"@type\":\"ListItem\",\"position\":2,\"name\":\"Realizacja: \u0141\u00f3\u017cko MODENA &#8211; 02.12.2023\"}]},{\"@type\":\"WebSite\",\"@id\":\"https:\\\/\\\/sypialnia-marzen.pl\\\/blog\\\/#website\",\"url\":\"https:\\\/\\\/sypialnia-marzen.pl\\\/blog\\\/\",\"name\":\"Sypialnia Marze\u0144\",\"description\":\"Blog\",\"publisher\":{\"@id\":\"https:\\\/\\\/sypialnia-marzen.pl\\\/blog\\\/#organization\"},\"potentialAction\":[{\"@type\":\"SearchAction\",\"target\":{\"@type\":\"EntryPoint\",\"urlTemplate\":\"https:\\\/\\\/sypialnia-marzen.pl\\\/blog\\\/?s={search_term_string}\"},\"query-input\":{\"@type\":\"PropertyValueSpecification\",\"valueRequired\":true,\"valueName\":\"search_term_string\"}}],\"inLanguage\":\"pl-PL\"},{\"@type\":\"Organization\",\"@id\":\"https:\\\/\\\/sypialnia-marzen.pl\\\/blog\\\/#organization\",\"name\":\"Sypialnia Marze\u0144\",\"url\":\"https:\\\/\\\/sypialnia-marzen.pl\\\/blog\\\/\",\"logo\":{\"@type\":\"ImageObject\",\"inLanguage\":\"pl-PL\",\"@id\":\"https:\\\/\\\/sypialnia-marzen.pl\\\/blog\\\/#\\\/schema\\\/logo\\\/image\\\/\",\"url\":\"https:\\\/\\\/sypialnia-marzen.pl\\\/blog\\\/wp-content\\\/uploads\\\/2026\\\/01\\\/logo-strona2-1.png\",\"contentUrl\":\"https:\\\/\\\/sypialnia-marzen.pl\\\/blog\\\/wp-content\\\/uploads\\\/2026\\\/01\\\/logo-strona2-1.png\",\"width\":1100,\"height\":610,\"caption\":\"Sypialnia Marze\u0144\"},\"image\":{\"@id\":\"https:\\\/\\\/sypialnia-marzen.pl\\\/blog\\\/#\\\/schema\\\/logo\\\/image\\\/\"},\"sameAs\":[\"https:\\\/\\\/www.facebook.com\\\/sklepsypialniamarzenpl\"]},{\"@type\":\"Person\",\"@id\":\"https:\\\/\\\/sypialnia-marzen.pl\\\/blog\\\/#\\\/schema\\\/person\\\/a19b7138345a394f4b0935633fb4d695\",\"name\":\"admin\",\"image\":{\"@type\":\"ImageObject\",\"inLanguage\":\"pl-PL\",\"@id\":\"https:\\\/\\\/secure.gravatar.com\\\/avatar\\\/a74c87fa08545ff617d01f911a8da627b01a68e406fea711f64ae9c4666f23b1?s=96&d=mm&r=g\",\"url\":\"https:\\\/\\\/secure.gravatar.com\\\/avatar\\\/a74c87fa08545ff617d01f911a8da627b01a68e406fea711f64ae9c4666f23b1?s=96&d=mm&r=g\",\"contentUrl\":\"https:\\\/\\\/secure.gravatar.com\\\/avatar\\\/a74c87fa08545ff617d01f911a8da627b01a68e406fea711f64ae9c4666f23b1?s=96&d=mm&r=g\",\"caption\":\"admin\"},\"sameAs\":[\"https:\\\/\\\/sypialnia-marzen.pl\\\/blog\"],\"url\":\"https:\\\/\\\/sypialnia-marzen.pl\\\/blog\\\/author\\\/admin\\\/\"}]}<\/script>\n<!-- \/ Yoast SEO plugin. -->","yoast_head_json":{"title":"Realizacja: \u0141\u00f3\u017cko MODENA - 02.12.2023 - Sypialnia Marze\u0144","robots":{"index":"index","follow":"follow","max-snippet":"max-snippet:-1","max-image-preview":"max-image-preview:large","max-video-preview":"max-video-preview:-1"},"canonical":"https:\/\/sypialnia-marzen.pl\/blog\/realizacja-lozko-modena-02-12-2023\/","og_locale":"pl_PL","og_type":"article","og_title":"Realizacja: \u0141\u00f3\u017cko MODENA - 02.12.2023 - Sypialnia Marze\u0144","og_description":"Coraz cz\u0119\u015bciej nasi klienci wybieraj\u0105 \u0142\u00f3\u017cka tapicerowane Italcomfort, kt\u00f3re \u0142\u0105cz\u0105 elegancj\u0119, wygod\u0119 i funkcjonalno\u015b\u0107. Tym razem wykonali\u015bmy realizacj\u0119 \u0142\u00f3\u017cka Modena &hellip;","og_url":"https:\/\/sypialnia-marzen.pl\/blog\/realizacja-lozko-modena-02-12-2023\/","og_site_name":"Sypialnia Marze\u0144","article_publisher":"https:\/\/www.facebook.com\/sklepsypialniamarzenpl","article_published_time":"2026-01-14T15:39:25+00:00","article_modified_time":"2026-01-14T15:39:26+00:00","og_image":[{"width":1920,"height":2560,"url":"https:\/\/sypialnia-marzen.pl\/blog\/wp-content\/uploads\/2026\/01\/20231202_110752-scaled.jpg","type":"image\/jpeg"}],"author":"admin","twitter_card":"summary_large_image","twitter_misc":{"Napisane przez":"admin","Szacowany czas czytania":"2 minuty"},"schema":{"@context":"https:\/\/schema.org","@graph":[{"@type":"Article","@id":"https:\/\/sypialnia-marzen.pl\/blog\/realizacja-lozko-modena-02-12-2023\/#article","isPartOf":{"@id":"https:\/\/sypialnia-marzen.pl\/blog\/realizacja-lozko-modena-02-12-2023\/"},"author":{"name":"admin","@id":"https:\/\/sypialnia-marzen.pl\/blog\/#\/schema\/person\/a19b7138345a394f4b0935633fb4d695"},"headline":"Realizacja: \u0141\u00f3\u017cko MODENA &#8211; 02.12.2023","datePublished":"2026-01-14T15:39:25+00:00","dateModified":"2026-01-14T15:39:26+00:00","mainEntityOfPage":{"@id":"https:\/\/sypialnia-marzen.pl\/blog\/realizacja-lozko-modena-02-12-2023\/"},"wordCount":312,"commentCount":0,"publisher":{"@id":"https:\/\/sypialnia-marzen.pl\/blog\/#organization"},"image":{"@id":"https:\/\/sypialnia-marzen.pl\/blog\/realizacja-lozko-modena-02-12-2023\/#primaryimage"},"thumbnailUrl":"https:\/\/sypialnia-marzen.pl\/blog\/wp-content\/uploads\/2026\/01\/20231202_110752-scaled.jpg","articleSection":["Realizacje"],"inLanguage":"pl-PL","potentialAction":[{"@type":"CommentAction","name":"Comment","target":["https:\/\/sypialnia-marzen.pl\/blog\/realizacja-lozko-modena-02-12-2023\/#respond"]}]},{"@type":"WebPage","@id":"https:\/\/sypialnia-marzen.pl\/blog\/realizacja-lozko-modena-02-12-2023\/","url":"https:\/\/sypialnia-marzen.pl\/blog\/realizacja-lozko-modena-02-12-2023\/","name":"Realizacja: \u0141\u00f3\u017cko MODENA - 02.12.2023 - Sypialnia Marze\u0144","isPartOf":{"@id":"https:\/\/sypialnia-marzen.pl\/blog\/#website"},"primaryImageOfPage":{"@id":"https:\/\/sypialnia-marzen.pl\/blog\/realizacja-lozko-modena-02-12-2023\/#primaryimage"},"image":{"@id":"https:\/\/sypialnia-marzen.pl\/blog\/realizacja-lozko-modena-02-12-2023\/#primaryimage"},"thumbnailUrl":"https:\/\/sypialnia-marzen.pl\/blog\/wp-content\/uploads\/2026\/01\/20231202_110752-scaled.jpg","datePublished":"2026-01-14T15:39:25+00:00","dateModified":"2026-01-14T15:39:26+00:00","breadcrumb":{"@id":"https:\/\/sypialnia-marzen.pl\/blog\/realizacja-lozko-modena-02-12-2023\/#breadcrumb"},"inLanguage":"pl-PL","potentialAction":[{"@type":"ReadAction","target":["https:\/\/sypialnia-marzen.pl\/blog\/realizacja-lozko-modena-02-12-2023\/"]}]},{"@type":"ImageObject","inLanguage":"pl-PL","@id":"https:\/\/sypialnia-marzen.pl\/blog\/realizacja-lozko-modena-02-12-2023\/#primaryimage","url":"https:\/\/sypialnia-marzen.pl\/blog\/wp-content\/uploads\/2026\/01\/20231202_110752-scaled.jpg","contentUrl":"https:\/\/sypialnia-marzen.pl\/blog\/wp-content\/uploads\/2026\/01\/20231202_110752-scaled.jpg","width":1920,"height":2560},{"@type":"BreadcrumbList","@id":"https:\/\/sypialnia-marzen.pl\/blog\/realizacja-lozko-modena-02-12-2023\/#breadcrumb","itemListElement":[{"@type":"ListItem","position":1,"name":"Strona g\u0142\u00f3wna","item":"https:\/\/sypialnia-marzen.pl\/blog\/"},{"@type":"ListItem","position":2,"name":"Realizacja: \u0141\u00f3\u017cko MODENA &#8211; 02.12.2023"}]},{"@type":"WebSite","@id":"https:\/\/sypialnia-marzen.pl\/blog\/#website","url":"https:\/\/sypialnia-marzen.pl\/blog\/","name":"Sypialnia Marze\u0144","description":"Blog","publisher":{"@id":"https:\/\/sypialnia-marzen.pl\/blog\/#organization"},"potentialAction":[{"@type":"SearchAction","target":{"@type":"EntryPoint","urlTemplate":"https:\/\/sypialnia-marzen.pl\/blog\/?s={search_term_string}"},"query-input":{"@type":"PropertyValueSpecification","valueRequired":true,"valueName":"search_term_string"}}],"inLanguage":"pl-PL"},{"@type":"Organization","@id":"https:\/\/sypialnia-marzen.pl\/blog\/#organization","name":"Sypialnia Marze\u0144","url":"https:\/\/sypialnia-marzen.pl\/blog\/","logo":{"@type":"ImageObject","inLanguage":"pl-PL","@id":"https:\/\/sypialnia-marzen.pl\/blog\/#\/schema\/logo\/image\/","url":"https:\/\/sypialnia-marzen.pl\/blog\/wp-content\/uploads\/2026\/01\/logo-strona2-1.png","contentUrl":"https:\/\/sypialnia-marzen.pl\/blog\/wp-content\/uploads\/2026\/01\/logo-strona2-1.png","width":1100,"height":610,"caption":"Sypialnia Marze\u0144"},"image":{"@id":"https:\/\/sypialnia-marzen.pl\/blog\/#\/schema\/logo\/image\/"},"sameAs":["https:\/\/www.facebook.com\/sklepsypialniamarzenpl"]},{"@type":"Person","@id":"https:\/\/sypialnia-marzen.pl\/blog\/#\/schema\/person\/a19b7138345a394f4b0935633fb4d695","name":"admin","image":{"@type":"ImageObject","inLanguage":"pl-PL","@id":"https:\/\/secure.gravatar.com\/avatar\/a74c87fa08545ff617d01f911a8da627b01a68e406fea711f64ae9c4666f23b1?s=96&d=mm&r=g","url":"https:\/\/secure.gravatar.com\/avatar\/a74c87fa08545ff617d01f911a8da627b01a68e406fea711f64ae9c4666f23b1?s=96&d=mm&r=g","contentUrl":"https:\/\/secure.gravatar.com\/avatar\/a74c87fa08545ff617d01f911a8da627b01a68e406fea711f64ae9c4666f23b1?s=96&d=mm&r=g","caption":"admin"},"sameAs":["https:\/\/sypialnia-marzen.pl\/blog"],"url":"https:\/\/sypialnia-marzen.pl\/blog\/author\/admin\/"}]}},"_links":{"self":[{"href":"https:\/\/sypialnia-marzen.pl\/blog\/wp-json\/wp\/v2\/posts\/750","targetHints":{"allow":["GET"]}}],"collection":[{"href":"https:\/\/sypialnia-marzen.pl\/blog\/wp-json\/wp\/v2\/posts"}],"about":[{"href":"https:\/\/sypialnia-marzen.pl\/blog\/wp-json\/wp\/v2\/types\/post"}],"author":[{"embeddable":true,"href":"https:\/\/sypialnia-marzen.pl\/blog\/wp-json\/wp\/v2\/users\/1"}],"replies":[{"embeddable":true,"href":"https:\/\/sypialnia-marzen.pl\/blog\/wp-json\/wp\/v2\/comments?post=750"}],"version-history":[{"count":0,"href":"https:\/\/sypialnia-marzen.pl\/blog\/wp-json\/wp\/v2\/posts\/750\/revisions"}],"wp:featuredmedia":[{"embeddable":true,"href":"https:\/\/sypialnia-marzen.pl\/blog\/wp-json\/wp\/v2\/media\/753"}],"wp:attachment":[{"href":"https:\/\/sypialnia-marzen.pl\/blog\/wp-json\/wp\/v2\/media?parent=750"}],"wp:term":[{"taxonomy":"category","embeddable":true,"href":"https:\/\/sypialnia-marzen.pl\/blog\/wp-json\/wp\/v2\/categories?post=750"},{"taxonomy":"post_tag","embeddable":true,"href":"https:\/\/sypialnia-marzen.pl\/blog\/wp-json\/wp\/v2\/tags?post=750"}],"curies":[{"name":"wp","href":"https:\/\/api.w.org\/{rel}","templated":true}]}}